{"id":1181,"date":"2021-09-01T13:59:48","date_gmt":"2021-09-01T11:59:48","guid":{"rendered":"https:\/\/www.benjaminpetrvald.cz\/?p=1181"},"modified":"2021-09-15T09:03:47","modified_gmt":"2021-09-15T07:03:47","slug":"pojdte-spolecne-s-nami-za-zazitkem-dynobrani-2021","status":"publish","type":"post","link":"https:\/\/www.benjaminpetrvald.cz\/?p=1181","title":{"rendered":"Poj\u010fte spole\u010dn\u011b s\u00a0n\u00e1mi za z\u00e1\u017eitkem \u2013 D\u00fd\u0148obran\u00ed 2021"},"content":{"rendered":"\n<h2 class=\"has-text-align-center wp-block-heading\">Benjam\u00edn p. o. Pet\u0159vald, Domov pro osoby se zdravotn\u00edm posti\u017een\u00edm <br>a<br> Rotary klub Ostrava City<\/h2>\n\n\n\n<p><span style=\"font-family: Times New Roman, serif;\">Zveme V\u00e1s, abyste nejen s&nbsp;lidmi z domova Benjam\u00edn p. o. str\u00e1vili den pln\u00fd z\u00e1\u017eitk\u016f, radosti, dobr\u00e9ho j\u00eddla i pit\u00ed, ale p\u0159edev\u0161\u00edm den, kter\u00fd m\u00e1 smysl.<\/span><\/p>\n<p><span style=\"font-family: Times New Roman, serif;\">Organizace Benjam\u00edn je p\u0159\u00edsp\u011bvkovou organizac\u00ed Moravskoslezsk\u00e9ho kraje. Jedn\u00e1 se o pobytovou soci\u00e1ln\u00ed slu\u017ebu, kter\u00e1 je realizov\u00e1na ve st\u0159edisc\u00edch Pet\u0159vald, Hav\u00ed\u0159ov a Karvin\u00e1. V&nbsp;t\u011bchto slu\u017eb\u00e1ch \u017eij\u00ed lid\u00e9 s&nbsp;t\u011b\u017ek\u00fdm ment\u00e1ln\u00edm a kombinovan\u00fd, posti\u017een\u00edm.<\/span><\/p>\n<p><span style=\"font-family: Times New Roman, serif;\">D\u00fd\u0148obran\u00ed v&nbsp;Klimkovic\u00edch se stalo ji\u017e tradi\u010dn\u00ed charitativn\u00ed akc\u00ed, kde se setk\u00e1vaj\u00ed lid\u00e9 z&nbsp;\u0161irok\u00e9ho okol\u00ed, aby svou n\u00e1v\u0161t\u011bvou, p\u0159\u00edtomnost\u00ed a n\u011bkdy tak\u00e9 gestem, p\u0159inesli na chv\u00edli radost do \u017eivota lidem, kte\u0159\u00ed pot\u0159ebuj\u00ed v&nbsp;\u017eivot\u011b podporovat o n\u011bco v\u00edce ne\u017e my ostatn\u00ed. V&nbsp;r\u00e1mci akce je p\u0159ipraven v\u017edy bohat\u00fd program, hudba, j\u00eddlo a pit\u00ed, posezen\u00ed, hry pro d\u011bti, plavba na lodi\u010dk\u00e1ch a v&nbsp;neposledn\u00ed \u0159ad\u011b spole\u010dn\u00e1 z\u00e1bava \u2013 dlab\u00e1n\u00ed d\u00fdn\u00ed, sout\u011b\u017e a n\u00e1sledn\u00e1 dra\u017eba t\u011bch nejpoveden\u011bj\u0161\u00edch. <\/span><\/p>\n<p><span style=\"font-family: Times New Roman, serif;\">P\u0159ij\u010fte si s&nbsp;n\u00e1mi vydlabat, nazdobit d\u00fdn\u011b a b\u011bhem sout\u011b\u017ee vybrat ty nejkr\u00e1sn\u011bj\u0161\u00ed, d\u00edky kter\u00fdm budeme moci z\u00edskat finance na uskute\u010dn\u011bn\u00ed v\u00fdznamn\u00e9 v\u011bci, kterou je zooterapie, co\u017e <\/span><span style=\"color: #000000;\"><span style=\"font-family: Times New Roman, serif;\">je metoda ucelen\u00e9 rehabilitace za podpory a p\u0159\u00edtomnosti zv\u00ed\u0159at.<\/span><\/span><\/p>\n\n\n\n<p><span style=\"color: #000000;\"><span style=\"font-family: Times New Roman, serif;\">Velik\u00fd d\u00edk pat\u0159\u00ed t\u011bmto lidem a organizac\u00edm:<\/span><\/span><\/p>\n<ul>\n<li><span style=\"color: #000000;\"><span style=\"font-family: Times New Roman, serif;\"><b>M\u011bsto Klimkovice <\/b><\/span><\/span><\/li>\n<li><span style=\"color: #000000;\"><span style=\"font-family: Times New Roman, serif;\"><b>Rotary klub Ostrava City<\/b><\/span><\/span><span style=\"color: #000000;\"><span style=\"font-family: Times New Roman, serif;\">, kter\u00fd za\u0161tituje v&nbsp;t\u00e9to akci \u0159editelka Mgr.,Bc. Tamara <\/span><\/span><span style=\"color: #333333;\"><span style=\"font-family: Times New Roman, serif;\">Iskrytskaya<\/span><\/span><\/li>\n<li>Monika Litnnerov\u00e1 \u2013 \u010dlenka Rotary klubu Ostrava City<\/li>\n<li>CV\u010c MOZAIKA Klimkovice<\/li>\n<li>rodina Teichmannov\u00fdch<\/li>\n<li>Andrea Ml\u010dochov\u00e1 &#8211; nez\u00e1visl\u00e1 Sales Director Mary &nbsp;Kay<\/li>\n<li>Restaurace hostinec u Feld\u016f z Klimkovic<\/li>\n<li>Kv\u011btin\u00e1\u0159stv\u00ed Flores<\/li>\n<li>VYNCKE<\/li>\n<\/ul>\n\n\n\n<p><span style=\"color: #333333;\"><span style=\"font-family: Times New Roman, serif;\"><span style=\"font-size: large;\"><b>Akce se uskute\u010dn\u00ed:<\/b><\/span><\/span><\/span><\/p>\n<p><span style=\"color: #333333;\"><span style=\"font-family: Times New Roman, serif;\"><b>Kdy: <\/b><\/span><\/span><span style=\"color: #333333;\"><span style=\"font-family: Times New Roman, serif;\">2. 10. 2021<br><\/span><\/span><span style=\"font-size: revert; color: #333333;\"><span style=\"font-family: Times New Roman, serif;\"><b>Kde: <\/b><\/span><\/span><span style=\"font-size: revert; color: #333333;\"><span style=\"font-family: Times New Roman, serif;\">V&nbsp;parku v&nbsp;Klimkovic\u00edch<br><\/span><\/span><span style=\"color: #333333;\"><span style=\"font-family: Times New Roman, serif;\"><b>V&nbsp;\u010dase: <\/b><\/span><\/span><span style=\"color: #333333;\"><span style=\"font-family: Times New Roman, serif;\">Od 10:00 hodin<br><\/span><\/span><span style=\"color: #333333;\"><span style=\"font-family: Times New Roman, serif;\"><b>Komu je ur\u010dena: <\/b><\/span><\/span><span style=\"color: #333333;\"><span style=\"font-family: Times New Roman, serif;\">V\u0161em, kdo maj\u00ed z\u00e1jem<\/span><\/span><\/p>\n<p><span style=\"color: #333333;\"><span style=\"font-family: Times New Roman, serif;\">T\u011b\u0161\u00edme se na V\u00e1s \u201eMy v\u0161ichni z&nbsp;Benjam\u00ednu\u201c<\/span><\/span><\/p>\n<p><span style=\"color: #333333;\"><span style=\"font-family: Times New Roman, serif;\">Za organizaci:<\/span><\/span><\/p>\n<p><span style=\"color: #333333;\"><span style=\"font-family: Times New Roman, serif;\">Mgr. Darja Kuncov\u00e1, \u0159editelka organizace<br><\/span><\/span><span style=\"color: #333333;\"><span style=\"font-family: Times New Roman, serif;\">Bc. Petra Supov\u00e1, soci\u00e1ln\u00ed pracovnice st\u0159ediska Pet\u0159vald<\/span><\/span><\/p>\n\n\n\n<figure class=\"wp-block-image size-large\"><a href=\"https:\/\/www.benjaminpetrvald.cz\/wp-content\/uploads\/2021\/09\/dynobrani-cele-v5-opt-scaled.jpg\"><img loading=\"lazy\" decoding=\"async\" width=\"730\" height=\"1024\" src=\"https:\/\/www.benjaminpetrvald.cz\/wp-content\/uploads\/2021\/09\/dynobrani-cele-v5-opt-730x1024.jpg\" alt=\"\" class=\"wp-image-1206\" srcset=\"https:\/\/www.benjaminpetrvald.cz\/wp-content\/uploads\/2021\/09\/dynobrani-cele-v5-opt-730x1024.jpg 730w, https:\/\/www.benjaminpetrvald.cz\/wp-content\/uploads\/2021\/09\/dynobrani-cele-v5-opt-214x300.jpg 214w, https:\/\/www.benjaminpetrvald.cz\/wp-content\/uploads\/2021\/09\/dynobrani-cele-v5-opt-768x1077.jpg 768w, https:\/\/www.benjaminpetrvald.cz\/wp-content\/uploads\/2021\/09\/dynobrani-cele-v5-opt-1095x1536.jpg 1095w, https:\/\/www.benjaminpetrvald.cz\/wp-content\/uploads\/2021\/09\/dynobrani-cele-v5-opt-1460x2048.jpg 1460w, https:\/\/www.benjaminpetrvald.cz\/wp-content\/uploads\/2021\/09\/dynobrani-cele-v5-opt-scaled.jpg 1825w\" sizes=\"auto, (max-width: 730px) 100vw, 730px\" \/><\/a><\/figure>\n","protected":false},"excerpt":{"rendered":"<p>Benjam\u00edn p. o. Pet\u0159vald, Domov pro osoby se zdravotn\u00edm posti\u017een\u00edm a Rotary klub Ostrava City Zveme V\u00e1s, abyste nejen s&nbsp;lidmi z domova Benjam\u00edn p. o. str\u00e1vili den pln\u00fd z\u00e1\u017eitk\u016f, radosti, dobr\u00e9ho j\u00eddla i pit\u00ed, ale p\u0159edev\u0161\u00edm den, kter\u00fd m\u00e1 smysl. Organizace Benjam\u00edn je p\u0159\u00edsp\u011bvkovou organizac\u00ed Moravskoslezsk\u00e9ho kraje. Jedn\u00e1 se o pobytovou soci\u00e1ln\u00ed slu\u017ebu, kter\u00e1 je realizov\u00e1na ve st\u0159edisc\u00edch Pet\u0159vald, Hav\u00ed\u0159ov a Karvin\u00e1. V&nbsp;t\u011bchto slu\u017eb\u00e1ch \u017eij\u00ed lid\u00e9 s&nbsp;t\u011b\u017ek\u00fdm ment\u00e1ln\u00edm a kombinovan\u00fd, posti\u017een\u00edm. D\u00fd\u0148obran\u00ed v&nbsp;Klimkovic\u00edch se stalo ji\u017e tradi\u010dn\u00ed charitativn\u00ed akc\u00ed, kde se setk\u00e1vaj\u00ed lid\u00e9 z&nbsp;\u0161irok\u00e9ho okol\u00ed, aby svou n\u00e1v\u0161t\u011bvou, p\u0159\u00edtomnost\u00ed a n\u011bkdy tak\u00e9 gestem, p\u0159inesli na chv\u00edli radost do \u017eivota lidem,&#8230; <\/p>\n","protected":false},"author":1,"featured_media":1202,"comment_status":"closed","ping_status":"closed","sticky":false,"template":"","format":"standard","meta":{"ngg_post_thumbnail":0,"footnotes":""},"categories":[11],"tags":[],"class_list":["post-1181","post","type-post","status-publish","format-standard","has-post-thumbnail","hentry","category-aktuality"],"_links":{"self":[{"href":"https:\/\/www.benjaminpetrvald.cz\/index.php?rest_route=\/wp\/v2\/posts\/1181","targetHints":{"allow":["GET"]}}],"collection":[{"href":"https:\/\/www.benjaminpetrvald.cz\/index.php?rest_route=\/wp\/v2\/posts"}],"about":[{"href":"https:\/\/www.benjaminpetrvald.cz\/index.php?rest_route=\/wp\/v2\/types\/post"}],"author":[{"embeddable":true,"href":"https:\/\/www.benjaminpetrvald.cz\/index.php?rest_route=\/wp\/v2\/users\/1"}],"replies":[{"embeddable":true,"href":"https:\/\/www.benjaminpetrvald.cz\/index.php?rest_route=%2Fwp%2Fv2%2Fcomments&post=1181"}],"version-history":[{"count":11,"href":"https:\/\/www.benjaminpetrvald.cz\/index.php?rest_route=\/wp\/v2\/posts\/1181\/revisions"}],"predecessor-version":[{"id":1208,"href":"https:\/\/www.benjaminpetrvald.cz\/index.php?rest_route=\/wp\/v2\/posts\/1181\/revisions\/1208"}],"wp:featuredmedia":[{"embeddable":true,"href":"https:\/\/www.benjaminpetrvald.cz\/index.php?rest_route=\/wp\/v2\/media\/1202"}],"wp:attachment":[{"href":"https:\/\/www.benjaminpetrvald.cz\/index.php?rest_route=%2Fwp%2Fv2%2Fmedia&parent=1181"}],"wp:term":[{"taxonomy":"category","embeddable":true,"href":"https:\/\/www.benjaminpetrvald.cz\/index.php?rest_route=%2Fwp%2Fv2%2Fcategories&post=1181"},{"taxonomy":"post_tag","embeddable":true,"href":"https:\/\/www.benjaminpetrvald.cz\/index.php?rest_route=%2Fwp%2Fv2%2Ftags&post=1181"}],"curies":[{"name":"wp","href":"https:\/\/api.w.org\/{rel}","templated":true}]}}